{"id":939,"date":"2019-07-05T14:11:18","date_gmt":"2019-07-05T12:11:18","guid":{"rendered":"http:\/\/9t3stwsql.preview.infomaniak.website\/?p=939"},"modified":"2019-07-05T14:11:19","modified_gmt":"2019-07-05T12:11:19","slug":"christmas-and-new-year-attendance","status":"publish","type":"post","link":"https:\/\/infosuisse.ch\/en\/christmas-and-new-year-attendance\/","title":{"rendered":"Christmas and New Year attendance"},"content":{"rendered":"\n<p>During the festive season our services are at the disposal of our clients.\u00a0<strong>Except of 25th and 26th of<\/strong>\u00a0<strong>December and 1st and 2nd of January<\/strong>, our offices will be open during the office hours.\u00a0<\/p>\n","protected":false},"excerpt":{"rendered":"<p>During the festive season our services are at the disposal of our clients.\u00a0Except of 25th and 26th of\u00a0December and 1st and 2nd of January, our offices will be open during the office hours.\u00a0<\/p>\n","protected":false},"author":2,"featured_media":652,"comment_status":"open","ping_status":"open","sticky":false,"template":"","format":"standard","meta":{"_acf_changed":false,"footnotes":""},"categories":[3],"tags":[],"class_list":["post-939","post","type-post","status-publish","format-standard","has-post-thumbnail","hentry","category-uncategorized"],"acf":[],"yoast_head":"<!-- This site is optimized with the Yoast SEO plugin v27.2 - https:\/\/yoast.com\/product\/yoast-seo-wordpress\/ -->\n<title>Christmas and New Year attendance - Infosuisse<\/title>\n<meta name=\"robots\" content=\"index, follow, max-snippet:-1, max-image-preview:large, max-video-preview:-1\" \/>\n<link rel=\"canonical\" href=\"https:\/\/infosuisse.ch\/en\/christmas-and-new-year-attendance\/\" \/>\n<meta property=\"og:locale\" content=\"en_US\" \/>\n<meta property=\"og:type\" content=\"article\" \/>\n<meta property=\"og:title\" content=\"Christmas and New Year attendance - Infosuisse\" \/>\n<meta property=\"og:description\" content=\"During the festive season our services are at the disposal of our clients.\u00a0Except of 25th and 26th of\u00a0December and 1st and 2nd of January, our offices will be open during the office hours.\u00a0\" \/>\n<meta property=\"og:url\" content=\"https:\/\/infosuisse.ch\/en\/christmas-and-new-year-attendance\/\" \/>\n<meta property=\"og:site_name\" content=\"Infosuisse\" \/>\n<meta property=\"article:published_time\" content=\"2019-07-05T12:11:18+00:00\" \/>\n<meta property=\"article:modified_time\" content=\"2019-07-05T12:11:19+00:00\" \/>\n<meta property=\"og:image\" content=\"https:\/\/infosuisse.ch\/wp-content\/uploads\/noel.jpg\" \/>\n\t<meta property=\"og:image:width\" content=\"900\" \/>\n\t<meta property=\"og:image:height\" content=\"900\" \/>\n\t<meta property=\"og:image:type\" content=\"image\/jpeg\" \/>\n<meta name=\"author\" content=\"neue\" \/>\n<meta name=\"twitter:card\" content=\"summary_large_image\" \/>\n<meta name=\"twitter:label1\" content=\"Written by\" \/>\n\t<meta name=\"twitter:data1\" content=\"neue\" \/>\n<script type=\"application\/ld+json\" class=\"yoast-schema-graph\">{\"@context\":\"https:\/\/schema.org\",\"@graph\":[{\"@type\":\"Article\",\"@id\":\"https:\/\/infosuisse.ch\/en\/christmas-and-new-year-attendance\/#article\",\"isPartOf\":{\"@id\":\"https:\/\/infosuisse.ch\/en\/christmas-and-new-year-attendance\/\"},\"author\":{\"name\":\"neue\",\"@id\":\"https:\/\/infosuisse.ch\/en\/#\/schema\/person\/663372de472eba8c01d6411634e63194\"},\"headline\":\"Christmas and New Year attendance\",\"datePublished\":\"2019-07-05T12:11:18+00:00\",\"dateModified\":\"2019-07-05T12:11:19+00:00\",\"mainEntityOfPage\":{\"@id\":\"https:\/\/infosuisse.ch\/en\/christmas-and-new-year-attendance\/\"},\"wordCount\":40,\"commentCount\":0,\"image\":{\"@id\":\"https:\/\/infosuisse.ch\/en\/christmas-and-new-year-attendance\/#primaryimage\"},\"thumbnailUrl\":\"https:\/\/infosuisse.ch\/wp-content\/uploads\/noel.jpg\",\"inLanguage\":\"en-US\"},{\"@type\":\"WebPage\",\"@id\":\"https:\/\/infosuisse.ch\/en\/christmas-and-new-year-attendance\/\",\"url\":\"https:\/\/infosuisse.ch\/en\/christmas-and-new-year-attendance\/\",\"name\":\"Christmas and New Year attendance - Infosuisse\",\"isPartOf\":{\"@id\":\"https:\/\/infosuisse.ch\/en\/#website\"},\"primaryImageOfPage\":{\"@id\":\"https:\/\/infosuisse.ch\/en\/christmas-and-new-year-attendance\/#primaryimage\"},\"image\":{\"@id\":\"https:\/\/infosuisse.ch\/en\/christmas-and-new-year-attendance\/#primaryimage\"},\"thumbnailUrl\":\"https:\/\/infosuisse.ch\/wp-content\/uploads\/noel.jpg\",\"datePublished\":\"2019-07-05T12:11:18+00:00\",\"dateModified\":\"2019-07-05T12:11:19+00:00\",\"author\":{\"@id\":\"https:\/\/infosuisse.ch\/en\/#\/schema\/person\/663372de472eba8c01d6411634e63194\"},\"breadcrumb\":{\"@id\":\"https:\/\/infosuisse.ch\/en\/christmas-and-new-year-attendance\/#breadcrumb\"},\"inLanguage\":\"en-US\",\"potentialAction\":[{\"@type\":\"ReadAction\",\"target\":[\"https:\/\/infosuisse.ch\/en\/christmas-and-new-year-attendance\/\"]}]},{\"@type\":\"ImageObject\",\"inLanguage\":\"en-US\",\"@id\":\"https:\/\/infosuisse.ch\/en\/christmas-and-new-year-attendance\/#primaryimage\",\"url\":\"https:\/\/infosuisse.ch\/wp-content\/uploads\/noel.jpg\",\"contentUrl\":\"https:\/\/infosuisse.ch\/wp-content\/uploads\/noel.jpg\",\"width\":900,\"height\":900},{\"@type\":\"BreadcrumbList\",\"@id\":\"https:\/\/infosuisse.ch\/en\/christmas-and-new-year-attendance\/#breadcrumb\",\"itemListElement\":[{\"@type\":\"ListItem\",\"position\":1,\"name\":\"Accueil\",\"item\":\"https:\/\/infosuisse.ch\/en\/\"},{\"@type\":\"ListItem\",\"position\":2,\"name\":\"Christmas and New Year attendance\"}]},{\"@type\":\"WebSite\",\"@id\":\"https:\/\/infosuisse.ch\/en\/#website\",\"url\":\"https:\/\/infosuisse.ch\/en\/\",\"name\":\"Infosuisse\",\"description\":\"Nous d\u00e9fendons et valorisons vos marques, designs et inventions par un conseil adapt\u00e9 \u00e0 vos besoins, accessible et personnalis\u00e9\",\"potentialAction\":[{\"@type\":\"SearchAction\",\"target\":{\"@type\":\"EntryPoint\",\"urlTemplate\":\"https:\/\/infosuisse.ch\/en\/?s={search_term_string}\"},\"query-input\":{\"@type\":\"PropertyValueSpecification\",\"valueRequired\":true,\"valueName\":\"search_term_string\"}}],\"inLanguage\":\"en-US\"},{\"@type\":\"Person\",\"@id\":\"https:\/\/infosuisse.ch\/en\/#\/schema\/person\/663372de472eba8c01d6411634e63194\",\"name\":\"neue\",\"image\":{\"@type\":\"ImageObject\",\"inLanguage\":\"en-US\",\"@id\":\"https:\/\/secure.gravatar.com\/avatar\/85f01ee845c1e63074e8c9165c2e9f589fbbe9a0ba4b0882102859d0bc4e1e5e?s=96&d=mm&r=g\",\"url\":\"https:\/\/secure.gravatar.com\/avatar\/85f01ee845c1e63074e8c9165c2e9f589fbbe9a0ba4b0882102859d0bc4e1e5e?s=96&d=mm&r=g\",\"contentUrl\":\"https:\/\/secure.gravatar.com\/avatar\/85f01ee845c1e63074e8c9165c2e9f589fbbe9a0ba4b0882102859d0bc4e1e5e?s=96&d=mm&r=g\",\"caption\":\"neue\"},\"url\":\"https:\/\/infosuisse.ch\/en\/author\/neue\/\"}]}<\/script>\n<!-- \/ Yoast SEO plugin. -->","yoast_head_json":{"title":"Christmas and New Year attendance - Infosuisse","robots":{"index":"index","follow":"follow","max-snippet":"max-snippet:-1","max-image-preview":"max-image-preview:large","max-video-preview":"max-video-preview:-1"},"canonical":"https:\/\/infosuisse.ch\/en\/christmas-and-new-year-attendance\/","og_locale":"en_US","og_type":"article","og_title":"Christmas and New Year attendance - Infosuisse","og_description":"During the festive season our services are at the disposal of our clients.\u00a0Except of 25th and 26th of\u00a0December and 1st and 2nd of January, our offices will be open during the office hours.\u00a0","og_url":"https:\/\/infosuisse.ch\/en\/christmas-and-new-year-attendance\/","og_site_name":"Infosuisse","article_published_time":"2019-07-05T12:11:18+00:00","article_modified_time":"2019-07-05T12:11:19+00:00","og_image":[{"width":900,"height":900,"url":"https:\/\/infosuisse.ch\/wp-content\/uploads\/noel.jpg","type":"image\/jpeg"}],"author":"neue","twitter_card":"summary_large_image","twitter_misc":{"Written by":"neue"},"schema":{"@context":"https:\/\/schema.org","@graph":[{"@type":"Article","@id":"https:\/\/infosuisse.ch\/en\/christmas-and-new-year-attendance\/#article","isPartOf":{"@id":"https:\/\/infosuisse.ch\/en\/christmas-and-new-year-attendance\/"},"author":{"name":"neue","@id":"https:\/\/infosuisse.ch\/en\/#\/schema\/person\/663372de472eba8c01d6411634e63194"},"headline":"Christmas and New Year attendance","datePublished":"2019-07-05T12:11:18+00:00","dateModified":"2019-07-05T12:11:19+00:00","mainEntityOfPage":{"@id":"https:\/\/infosuisse.ch\/en\/christmas-and-new-year-attendance\/"},"wordCount":40,"commentCount":0,"image":{"@id":"https:\/\/infosuisse.ch\/en\/christmas-and-new-year-attendance\/#primaryimage"},"thumbnailUrl":"https:\/\/infosuisse.ch\/wp-content\/uploads\/noel.jpg","inLanguage":"en-US"},{"@type":"WebPage","@id":"https:\/\/infosuisse.ch\/en\/christmas-and-new-year-attendance\/","url":"https:\/\/infosuisse.ch\/en\/christmas-and-new-year-attendance\/","name":"Christmas and New Year attendance - Infosuisse","isPartOf":{"@id":"https:\/\/infosuisse.ch\/en\/#website"},"primaryImageOfPage":{"@id":"https:\/\/infosuisse.ch\/en\/christmas-and-new-year-attendance\/#primaryimage"},"image":{"@id":"https:\/\/infosuisse.ch\/en\/christmas-and-new-year-attendance\/#primaryimage"},"thumbnailUrl":"https:\/\/infosuisse.ch\/wp-content\/uploads\/noel.jpg","datePublished":"2019-07-05T12:11:18+00:00","dateModified":"2019-07-05T12:11:19+00:00","author":{"@id":"https:\/\/infosuisse.ch\/en\/#\/schema\/person\/663372de472eba8c01d6411634e63194"},"breadcrumb":{"@id":"https:\/\/infosuisse.ch\/en\/christmas-and-new-year-attendance\/#breadcrumb"},"inLanguage":"en-US","potentialAction":[{"@type":"ReadAction","target":["https:\/\/infosuisse.ch\/en\/christmas-and-new-year-attendance\/"]}]},{"@type":"ImageObject","inLanguage":"en-US","@id":"https:\/\/infosuisse.ch\/en\/christmas-and-new-year-attendance\/#primaryimage","url":"https:\/\/infosuisse.ch\/wp-content\/uploads\/noel.jpg","contentUrl":"https:\/\/infosuisse.ch\/wp-content\/uploads\/noel.jpg","width":900,"height":900},{"@type":"BreadcrumbList","@id":"https:\/\/infosuisse.ch\/en\/christmas-and-new-year-attendance\/#breadcrumb","itemListElement":[{"@type":"ListItem","position":1,"name":"Accueil","item":"https:\/\/infosuisse.ch\/en\/"},{"@type":"ListItem","position":2,"name":"Christmas and New Year attendance"}]},{"@type":"WebSite","@id":"https:\/\/infosuisse.ch\/en\/#website","url":"https:\/\/infosuisse.ch\/en\/","name":"Infosuisse","description":"Nous d\u00e9fendons et valorisons vos marques, designs et inventions par un conseil adapt\u00e9 \u00e0 vos besoins, accessible et personnalis\u00e9","potentialAction":[{"@type":"SearchAction","target":{"@type":"EntryPoint","urlTemplate":"https:\/\/infosuisse.ch\/en\/?s={search_term_string}"},"query-input":{"@type":"PropertyValueSpecification","valueRequired":true,"valueName":"search_term_string"}}],"inLanguage":"en-US"},{"@type":"Person","@id":"https:\/\/infosuisse.ch\/en\/#\/schema\/person\/663372de472eba8c01d6411634e63194","name":"neue","image":{"@type":"ImageObject","inLanguage":"en-US","@id":"https:\/\/secure.gravatar.com\/avatar\/85f01ee845c1e63074e8c9165c2e9f589fbbe9a0ba4b0882102859d0bc4e1e5e?s=96&d=mm&r=g","url":"https:\/\/secure.gravatar.com\/avatar\/85f01ee845c1e63074e8c9165c2e9f589fbbe9a0ba4b0882102859d0bc4e1e5e?s=96&d=mm&r=g","contentUrl":"https:\/\/secure.gravatar.com\/avatar\/85f01ee845c1e63074e8c9165c2e9f589fbbe9a0ba4b0882102859d0bc4e1e5e?s=96&d=mm&r=g","caption":"neue"},"url":"https:\/\/infosuisse.ch\/en\/author\/neue\/"}]}},"_links":{"self":[{"href":"https:\/\/infosuisse.ch\/en\/wp-json\/wp\/v2\/posts\/939","targetHints":{"allow":["GET"]}}],"collection":[{"href":"https:\/\/infosuisse.ch\/en\/wp-json\/wp\/v2\/posts"}],"about":[{"href":"https:\/\/infosuisse.ch\/en\/wp-json\/wp\/v2\/types\/post"}],"author":[{"embeddable":true,"href":"https:\/\/infosuisse.ch\/en\/wp-json\/wp\/v2\/users\/2"}],"replies":[{"embeddable":true,"href":"https:\/\/infosuisse.ch\/en\/wp-json\/wp\/v2\/comments?post=939"}],"version-history":[{"count":1,"href":"https:\/\/infosuisse.ch\/en\/wp-json\/wp\/v2\/posts\/939\/revisions"}],"predecessor-version":[{"id":940,"href":"https:\/\/infosuisse.ch\/en\/wp-json\/wp\/v2\/posts\/939\/revisions\/940"}],"wp:featuredmedia":[{"embeddable":true,"href":"https:\/\/infosuisse.ch\/en\/wp-json\/wp\/v2\/media\/652"}],"wp:attachment":[{"href":"https:\/\/infosuisse.ch\/en\/wp-json\/wp\/v2\/media?parent=939"}],"wp:term":[{"taxonomy":"category","embeddable":true,"href":"https:\/\/infosuisse.ch\/en\/wp-json\/wp\/v2\/categories?post=939"},{"taxonomy":"post_tag","embeddable":true,"href":"https:\/\/infosuisse.ch\/en\/wp-json\/wp\/v2\/tags?post=939"}],"curies":[{"name":"wp","href":"https:\/\/api.w.org\/{rel}","templated":true}]}}