{"id":1640,"date":"2023-03-03T08:37:55","date_gmt":"2023-03-03T07:37:55","guid":{"rendered":"https:\/\/infosuisse.ch\/?p=1640"},"modified":"2023-03-03T08:37:56","modified_gmt":"2023-03-03T07:37:56","slug":"brazil-joins-hague-system-international-designs","status":"publish","type":"post","link":"https:\/\/infosuisse.ch\/en\/brazil-joins-hague-system-international-designs\/","title":{"rendered":"Brazil joins Hague System (international designs)"},"content":{"rendered":"\n<p>Brazil has joined the Hague System, bringing the total number of countries covered by WIPO\u2019s international design system to 96. The 1999 Act will enter into force in Brazil on August 1, 2023. <\/p>\n\n\n\n<p>Source: WIPO<\/p>\n","protected":false},"excerpt":{"rendered":"<p>Brazil has joined the Hague System, bringing the total number of countries covered by WIPO\u2019s international design system to 96. The 1999 Act will enter into force in Brazil on August 1, 2023. Source: WIPO<\/p>\n","protected":false},"author":6,"featured_media":0,"comment_status":"open","ping_status":"open","sticky":false,"template":"","format":"standard","meta":{"_acf_changed":false,"footnotes":""},"categories":[3],"tags":[],"class_list":["post-1640","post","type-post","status-publish","format-standard","hentry","category-uncategorized"],"acf":[],"yoast_head":"<!-- This site is optimized with the Yoast SEO plugin v27.2 - https:\/\/yoast.com\/product\/yoast-seo-wordpress\/ -->\n<title>Brazil joins Hague System (international designs) - Infosuisse<\/title>\n<meta name=\"robots\" content=\"index, follow, max-snippet:-1, max-image-preview:large, max-video-preview:-1\" \/>\n<link rel=\"canonical\" href=\"https:\/\/infosuisse.ch\/en\/brazil-joins-hague-system-international-designs\/\" \/>\n<meta property=\"og:locale\" content=\"en_US\" \/>\n<meta property=\"og:type\" content=\"article\" \/>\n<meta property=\"og:title\" content=\"Brazil joins Hague System (international designs) - Infosuisse\" \/>\n<meta property=\"og:description\" content=\"Brazil has joined the Hague System, bringing the total number of countries covered by WIPO\u2019s international design system to 96. The 1999 Act will enter into force in Brazil on August 1, 2023. Source: WIPO\" \/>\n<meta property=\"og:url\" content=\"https:\/\/infosuisse.ch\/en\/brazil-joins-hague-system-international-designs\/\" \/>\n<meta property=\"og:site_name\" content=\"Infosuisse\" \/>\n<meta property=\"article:published_time\" content=\"2023-03-03T07:37:55+00:00\" \/>\n<meta property=\"article:modified_time\" content=\"2023-03-03T07:37:56+00:00\" \/>\n<meta name=\"author\" content=\"Michelle Voser\" \/>\n<meta name=\"twitter:card\" content=\"summary_large_image\" \/>\n<meta name=\"twitter:label1\" content=\"Written by\" \/>\n\t<meta name=\"twitter:data1\" content=\"Michelle Voser\" \/>\n\t<meta name=\"twitter:label2\" content=\"Est. reading time\" \/>\n\t<meta name=\"twitter:data2\" content=\"1 minute\" \/>\n<script type=\"application\/ld+json\" class=\"yoast-schema-graph\">{\"@context\":\"https:\/\/schema.org\",\"@graph\":[{\"@type\":\"Article\",\"@id\":\"https:\/\/infosuisse.ch\/en\/brazil-joins-hague-system-international-designs\/#article\",\"isPartOf\":{\"@id\":\"https:\/\/infosuisse.ch\/en\/brazil-joins-hague-system-international-designs\/\"},\"author\":{\"name\":\"Michelle Voser\",\"@id\":\"https:\/\/infosuisse.ch\/en\/#\/schema\/person\/bb90475ba7a0531d55a195812ce23a0f\"},\"headline\":\"Brazil joins Hague System (international designs)\",\"datePublished\":\"2023-03-03T07:37:55+00:00\",\"dateModified\":\"2023-03-03T07:37:56+00:00\",\"mainEntityOfPage\":{\"@id\":\"https:\/\/infosuisse.ch\/en\/brazil-joins-hague-system-international-designs\/\"},\"wordCount\":38,\"commentCount\":0,\"inLanguage\":\"en-US\"},{\"@type\":\"WebPage\",\"@id\":\"https:\/\/infosuisse.ch\/en\/brazil-joins-hague-system-international-designs\/\",\"url\":\"https:\/\/infosuisse.ch\/en\/brazil-joins-hague-system-international-designs\/\",\"name\":\"Brazil joins Hague System (international designs) - Infosuisse\",\"isPartOf\":{\"@id\":\"https:\/\/infosuisse.ch\/en\/#website\"},\"datePublished\":\"2023-03-03T07:37:55+00:00\",\"dateModified\":\"2023-03-03T07:37:56+00:00\",\"author\":{\"@id\":\"https:\/\/infosuisse.ch\/en\/#\/schema\/person\/bb90475ba7a0531d55a195812ce23a0f\"},\"breadcrumb\":{\"@id\":\"https:\/\/infosuisse.ch\/en\/brazil-joins-hague-system-international-designs\/#breadcrumb\"},\"inLanguage\":\"en-US\",\"potentialAction\":[{\"@type\":\"ReadAction\",\"target\":[\"https:\/\/infosuisse.ch\/en\/brazil-joins-hague-system-international-designs\/\"]}]},{\"@type\":\"BreadcrumbList\",\"@id\":\"https:\/\/infosuisse.ch\/en\/brazil-joins-hague-system-international-designs\/#breadcrumb\",\"itemListElement\":[{\"@type\":\"ListItem\",\"position\":1,\"name\":\"Accueil\",\"item\":\"https:\/\/infosuisse.ch\/en\/\"},{\"@type\":\"ListItem\",\"position\":2,\"name\":\"Brazil joins Hague System (international designs)\"}]},{\"@type\":\"WebSite\",\"@id\":\"https:\/\/infosuisse.ch\/en\/#website\",\"url\":\"https:\/\/infosuisse.ch\/en\/\",\"name\":\"Infosuisse\",\"description\":\"Nous d\u00e9fendons et valorisons vos marques, designs et inventions par un conseil adapt\u00e9 \u00e0 vos besoins, accessible et personnalis\u00e9\",\"potentialAction\":[{\"@type\":\"SearchAction\",\"target\":{\"@type\":\"EntryPoint\",\"urlTemplate\":\"https:\/\/infosuisse.ch\/en\/?s={search_term_string}\"},\"query-input\":{\"@type\":\"PropertyValueSpecification\",\"valueRequired\":true,\"valueName\":\"search_term_string\"}}],\"inLanguage\":\"en-US\"},{\"@type\":\"Person\",\"@id\":\"https:\/\/infosuisse.ch\/en\/#\/schema\/person\/bb90475ba7a0531d55a195812ce23a0f\",\"name\":\"Michelle Voser\",\"image\":{\"@type\":\"ImageObject\",\"inLanguage\":\"en-US\",\"@id\":\"https:\/\/secure.gravatar.com\/avatar\/a6985142e5b20b63b4907f08c29023474947a0529ee58485815f09291e789350?s=96&d=mm&r=g\",\"url\":\"https:\/\/secure.gravatar.com\/avatar\/a6985142e5b20b63b4907f08c29023474947a0529ee58485815f09291e789350?s=96&d=mm&r=g\",\"contentUrl\":\"https:\/\/secure.gravatar.com\/avatar\/a6985142e5b20b63b4907f08c29023474947a0529ee58485815f09291e789350?s=96&d=mm&r=g\",\"caption\":\"Michelle Voser\"},\"url\":\"https:\/\/infosuisse.ch\/en\/author\/michelle\/\"}]}<\/script>\n<!-- \/ Yoast SEO plugin. -->","yoast_head_json":{"title":"Brazil joins Hague System (international designs) - Infosuisse","robots":{"index":"index","follow":"follow","max-snippet":"max-snippet:-1","max-image-preview":"max-image-preview:large","max-video-preview":"max-video-preview:-1"},"canonical":"https:\/\/infosuisse.ch\/en\/brazil-joins-hague-system-international-designs\/","og_locale":"en_US","og_type":"article","og_title":"Brazil joins Hague System (international designs) - Infosuisse","og_description":"Brazil has joined the Hague System, bringing the total number of countries covered by WIPO\u2019s international design system to 96. The 1999 Act will enter into force in Brazil on August 1, 2023. Source: WIPO","og_url":"https:\/\/infosuisse.ch\/en\/brazil-joins-hague-system-international-designs\/","og_site_name":"Infosuisse","article_published_time":"2023-03-03T07:37:55+00:00","article_modified_time":"2023-03-03T07:37:56+00:00","author":"Michelle Voser","twitter_card":"summary_large_image","twitter_misc":{"Written by":"Michelle Voser","Est. reading time":"1 minute"},"schema":{"@context":"https:\/\/schema.org","@graph":[{"@type":"Article","@id":"https:\/\/infosuisse.ch\/en\/brazil-joins-hague-system-international-designs\/#article","isPartOf":{"@id":"https:\/\/infosuisse.ch\/en\/brazil-joins-hague-system-international-designs\/"},"author":{"name":"Michelle Voser","@id":"https:\/\/infosuisse.ch\/en\/#\/schema\/person\/bb90475ba7a0531d55a195812ce23a0f"},"headline":"Brazil joins Hague System (international designs)","datePublished":"2023-03-03T07:37:55+00:00","dateModified":"2023-03-03T07:37:56+00:00","mainEntityOfPage":{"@id":"https:\/\/infosuisse.ch\/en\/brazil-joins-hague-system-international-designs\/"},"wordCount":38,"commentCount":0,"inLanguage":"en-US"},{"@type":"WebPage","@id":"https:\/\/infosuisse.ch\/en\/brazil-joins-hague-system-international-designs\/","url":"https:\/\/infosuisse.ch\/en\/brazil-joins-hague-system-international-designs\/","name":"Brazil joins Hague System (international designs) - Infosuisse","isPartOf":{"@id":"https:\/\/infosuisse.ch\/en\/#website"},"datePublished":"2023-03-03T07:37:55+00:00","dateModified":"2023-03-03T07:37:56+00:00","author":{"@id":"https:\/\/infosuisse.ch\/en\/#\/schema\/person\/bb90475ba7a0531d55a195812ce23a0f"},"breadcrumb":{"@id":"https:\/\/infosuisse.ch\/en\/brazil-joins-hague-system-international-designs\/#breadcrumb"},"inLanguage":"en-US","potentialAction":[{"@type":"ReadAction","target":["https:\/\/infosuisse.ch\/en\/brazil-joins-hague-system-international-designs\/"]}]},{"@type":"BreadcrumbList","@id":"https:\/\/infosuisse.ch\/en\/brazil-joins-hague-system-international-designs\/#breadcrumb","itemListElement":[{"@type":"ListItem","position":1,"name":"Accueil","item":"https:\/\/infosuisse.ch\/en\/"},{"@type":"ListItem","position":2,"name":"Brazil joins Hague System (international designs)"}]},{"@type":"WebSite","@id":"https:\/\/infosuisse.ch\/en\/#website","url":"https:\/\/infosuisse.ch\/en\/","name":"Infosuisse","description":"Nous d\u00e9fendons et valorisons vos marques, designs et inventions par un conseil adapt\u00e9 \u00e0 vos besoins, accessible et personnalis\u00e9","potentialAction":[{"@type":"SearchAction","target":{"@type":"EntryPoint","urlTemplate":"https:\/\/infosuisse.ch\/en\/?s={search_term_string}"},"query-input":{"@type":"PropertyValueSpecification","valueRequired":true,"valueName":"search_term_string"}}],"inLanguage":"en-US"},{"@type":"Person","@id":"https:\/\/infosuisse.ch\/en\/#\/schema\/person\/bb90475ba7a0531d55a195812ce23a0f","name":"Michelle Voser","image":{"@type":"ImageObject","inLanguage":"en-US","@id":"https:\/\/secure.gravatar.com\/avatar\/a6985142e5b20b63b4907f08c29023474947a0529ee58485815f09291e789350?s=96&d=mm&r=g","url":"https:\/\/secure.gravatar.com\/avatar\/a6985142e5b20b63b4907f08c29023474947a0529ee58485815f09291e789350?s=96&d=mm&r=g","contentUrl":"https:\/\/secure.gravatar.com\/avatar\/a6985142e5b20b63b4907f08c29023474947a0529ee58485815f09291e789350?s=96&d=mm&r=g","caption":"Michelle Voser"},"url":"https:\/\/infosuisse.ch\/en\/author\/michelle\/"}]}},"_links":{"self":[{"href":"https:\/\/infosuisse.ch\/en\/wp-json\/wp\/v2\/posts\/1640","targetHints":{"allow":["GET"]}}],"collection":[{"href":"https:\/\/infosuisse.ch\/en\/wp-json\/wp\/v2\/posts"}],"about":[{"href":"https:\/\/infosuisse.ch\/en\/wp-json\/wp\/v2\/types\/post"}],"author":[{"embeddable":true,"href":"https:\/\/infosuisse.ch\/en\/wp-json\/wp\/v2\/users\/6"}],"replies":[{"embeddable":true,"href":"https:\/\/infosuisse.ch\/en\/wp-json\/wp\/v2\/comments?post=1640"}],"version-history":[{"count":1,"href":"https:\/\/infosuisse.ch\/en\/wp-json\/wp\/v2\/posts\/1640\/revisions"}],"predecessor-version":[{"id":1641,"href":"https:\/\/infosuisse.ch\/en\/wp-json\/wp\/v2\/posts\/1640\/revisions\/1641"}],"wp:attachment":[{"href":"https:\/\/infosuisse.ch\/en\/wp-json\/wp\/v2\/media?parent=1640"}],"wp:term":[{"taxonomy":"category","embeddable":true,"href":"https:\/\/infosuisse.ch\/en\/wp-json\/wp\/v2\/categories?post=1640"},{"taxonomy":"post_tag","embeddable":true,"href":"https:\/\/infosuisse.ch\/en\/wp-json\/wp\/v2\/tags?post=1640"}],"curies":[{"name":"wp","href":"https:\/\/api.w.org\/{rel}","templated":true}]}}