{"id":1340,"date":"2020-12-07T17:04:25","date_gmt":"2020-12-07T16:04:25","guid":{"rendered":"https:\/\/infosuisse.ch\/?p=1340"},"modified":"2020-12-07T17:04:26","modified_gmt":"2020-12-07T16:04:26","slug":"myanmar-trademark-law","status":"publish","type":"post","link":"https:\/\/infosuisse.ch\/en\/myanmar-trademark-law\/","title":{"rendered":"MYANMAR &#8211; Trademark law"},"content":{"rendered":"\n<p><em>Myanmar&#8217;s has new trademark registration system. The soft opening period started on October 1<sup>st<\/sup>, 2020. The Trademark Office will implement the new Myanmar Trade Marks Law enacted in January 2019, which has provisions for examination, publication, registration of trademarks. This new system is closer to international trademark practices.<\/em><\/p>\n\n\n\n<p><em>If you have an interest in obtaining a protection in this country, do not hesitate to contact us.<\/em><\/p>\n","protected":false},"excerpt":{"rendered":"<p>Myanmar&#8217;s has new trademark registration system. The soft opening period started on October 1st, 2020. The Trademark Office will implement the new Myanmar Trade Marks Law enacted in January 2019, which has provisions for examination, publication, registration of trademarks. This new system is closer to international trademark practices. If you have an interest in obtaining [&hellip;]<\/p>\n","protected":false},"author":6,"featured_media":1332,"comment_status":"open","ping_status":"open","sticky":false,"template":"","format":"standard","meta":{"_acf_changed":false,"footnotes":""},"categories":[3],"tags":[],"class_list":["post-1340","post","type-post","status-publish","format-standard","has-post-thumbnail","hentry","category-uncategorized"],"acf":[],"yoast_head":"<!-- This site is optimized with the Yoast SEO plugin v27.2 - https:\/\/yoast.com\/product\/yoast-seo-wordpress\/ -->\n<title>MYANMAR - Trademark law - Infosuisse<\/title>\n<meta name=\"robots\" content=\"index, follow, max-snippet:-1, max-image-preview:large, max-video-preview:-1\" \/>\n<link rel=\"canonical\" href=\"https:\/\/infosuisse.ch\/en\/myanmar-trademark-law\/\" \/>\n<meta property=\"og:locale\" content=\"en_US\" \/>\n<meta property=\"og:type\" content=\"article\" \/>\n<meta property=\"og:title\" content=\"MYANMAR - Trademark law - Infosuisse\" \/>\n<meta property=\"og:description\" content=\"Myanmar&#8217;s has new trademark registration system. The soft opening period started on October 1st, 2020. The Trademark Office will implement the new Myanmar Trade Marks Law enacted in January 2019, which has provisions for examination, publication, registration of trademarks. This new system is closer to international trademark practices. If you have an interest in obtaining [&hellip;]\" \/>\n<meta property=\"og:url\" content=\"https:\/\/infosuisse.ch\/en\/myanmar-trademark-law\/\" \/>\n<meta property=\"og:site_name\" content=\"Infosuisse\" \/>\n<meta property=\"article:published_time\" content=\"2020-12-07T16:04:25+00:00\" \/>\n<meta property=\"article:modified_time\" content=\"2020-12-07T16:04:26+00:00\" \/>\n<meta property=\"og:image\" content=\"https:\/\/infosuisse.ch\/wp-content\/uploads\/birmanie.png\" \/>\n\t<meta property=\"og:image:width\" content=\"700\" \/>\n\t<meta property=\"og:image:height\" content=\"466\" \/>\n\t<meta property=\"og:image:type\" content=\"image\/png\" \/>\n<meta name=\"author\" content=\"Michelle Voser\" \/>\n<meta name=\"twitter:card\" content=\"summary_large_image\" \/>\n<meta name=\"twitter:label1\" content=\"Written by\" \/>\n\t<meta name=\"twitter:data1\" content=\"Michelle Voser\" \/>\n<script type=\"application\/ld+json\" class=\"yoast-schema-graph\">{\"@context\":\"https:\/\/schema.org\",\"@graph\":[{\"@type\":\"Article\",\"@id\":\"https:\/\/infosuisse.ch\/en\/myanmar-trademark-law\/#article\",\"isPartOf\":{\"@id\":\"https:\/\/infosuisse.ch\/en\/myanmar-trademark-law\/\"},\"author\":{\"name\":\"Michelle Voser\",\"@id\":\"https:\/\/infosuisse.ch\/en\/#\/schema\/person\/bb90475ba7a0531d55a195812ce23a0f\"},\"headline\":\"MYANMAR &#8211; Trademark law\",\"datePublished\":\"2020-12-07T16:04:25+00:00\",\"dateModified\":\"2020-12-07T16:04:26+00:00\",\"mainEntityOfPage\":{\"@id\":\"https:\/\/infosuisse.ch\/en\/myanmar-trademark-law\/\"},\"wordCount\":69,\"commentCount\":0,\"image\":{\"@id\":\"https:\/\/infosuisse.ch\/en\/myanmar-trademark-law\/#primaryimage\"},\"thumbnailUrl\":\"https:\/\/infosuisse.ch\/wp-content\/uploads\/birmanie.png\",\"inLanguage\":\"en-US\"},{\"@type\":\"WebPage\",\"@id\":\"https:\/\/infosuisse.ch\/en\/myanmar-trademark-law\/\",\"url\":\"https:\/\/infosuisse.ch\/en\/myanmar-trademark-law\/\",\"name\":\"MYANMAR - Trademark law - Infosuisse\",\"isPartOf\":{\"@id\":\"https:\/\/infosuisse.ch\/en\/#website\"},\"primaryImageOfPage\":{\"@id\":\"https:\/\/infosuisse.ch\/en\/myanmar-trademark-law\/#primaryimage\"},\"image\":{\"@id\":\"https:\/\/infosuisse.ch\/en\/myanmar-trademark-law\/#primaryimage\"},\"thumbnailUrl\":\"https:\/\/infosuisse.ch\/wp-content\/uploads\/birmanie.png\",\"datePublished\":\"2020-12-07T16:04:25+00:00\",\"dateModified\":\"2020-12-07T16:04:26+00:00\",\"author\":{\"@id\":\"https:\/\/infosuisse.ch\/en\/#\/schema\/person\/bb90475ba7a0531d55a195812ce23a0f\"},\"breadcrumb\":{\"@id\":\"https:\/\/infosuisse.ch\/en\/myanmar-trademark-law\/#breadcrumb\"},\"inLanguage\":\"en-US\",\"potentialAction\":[{\"@type\":\"ReadAction\",\"target\":[\"https:\/\/infosuisse.ch\/en\/myanmar-trademark-law\/\"]}]},{\"@type\":\"ImageObject\",\"inLanguage\":\"en-US\",\"@id\":\"https:\/\/infosuisse.ch\/en\/myanmar-trademark-law\/#primaryimage\",\"url\":\"https:\/\/infosuisse.ch\/wp-content\/uploads\/birmanie.png\",\"contentUrl\":\"https:\/\/infosuisse.ch\/wp-content\/uploads\/birmanie.png\",\"width\":700,\"height\":466},{\"@type\":\"BreadcrumbList\",\"@id\":\"https:\/\/infosuisse.ch\/en\/myanmar-trademark-law\/#breadcrumb\",\"itemListElement\":[{\"@type\":\"ListItem\",\"position\":1,\"name\":\"Accueil\",\"item\":\"https:\/\/infosuisse.ch\/en\/\"},{\"@type\":\"ListItem\",\"position\":2,\"name\":\"MYANMAR &#8211; Trademark law\"}]},{\"@type\":\"WebSite\",\"@id\":\"https:\/\/infosuisse.ch\/en\/#website\",\"url\":\"https:\/\/infosuisse.ch\/en\/\",\"name\":\"Infosuisse\",\"description\":\"Nous d\u00e9fendons et valorisons vos marques, designs et inventions par un conseil adapt\u00e9 \u00e0 vos besoins, accessible et personnalis\u00e9\",\"potentialAction\":[{\"@type\":\"SearchAction\",\"target\":{\"@type\":\"EntryPoint\",\"urlTemplate\":\"https:\/\/infosuisse.ch\/en\/?s={search_term_string}\"},\"query-input\":{\"@type\":\"PropertyValueSpecification\",\"valueRequired\":true,\"valueName\":\"search_term_string\"}}],\"inLanguage\":\"en-US\"},{\"@type\":\"Person\",\"@id\":\"https:\/\/infosuisse.ch\/en\/#\/schema\/person\/bb90475ba7a0531d55a195812ce23a0f\",\"name\":\"Michelle Voser\",\"image\":{\"@type\":\"ImageObject\",\"inLanguage\":\"en-US\",\"@id\":\"https:\/\/secure.gravatar.com\/avatar\/a6985142e5b20b63b4907f08c29023474947a0529ee58485815f09291e789350?s=96&d=mm&r=g\",\"url\":\"https:\/\/secure.gravatar.com\/avatar\/a6985142e5b20b63b4907f08c29023474947a0529ee58485815f09291e789350?s=96&d=mm&r=g\",\"contentUrl\":\"https:\/\/secure.gravatar.com\/avatar\/a6985142e5b20b63b4907f08c29023474947a0529ee58485815f09291e789350?s=96&d=mm&r=g\",\"caption\":\"Michelle Voser\"},\"url\":\"https:\/\/infosuisse.ch\/en\/author\/michelle\/\"}]}<\/script>\n<!-- \/ Yoast SEO plugin. -->","yoast_head_json":{"title":"MYANMAR - Trademark law - Infosuisse","robots":{"index":"index","follow":"follow","max-snippet":"max-snippet:-1","max-image-preview":"max-image-preview:large","max-video-preview":"max-video-preview:-1"},"canonical":"https:\/\/infosuisse.ch\/en\/myanmar-trademark-law\/","og_locale":"en_US","og_type":"article","og_title":"MYANMAR - Trademark law - Infosuisse","og_description":"Myanmar&#8217;s has new trademark registration system. The soft opening period started on October 1st, 2020. The Trademark Office will implement the new Myanmar Trade Marks Law enacted in January 2019, which has provisions for examination, publication, registration of trademarks. This new system is closer to international trademark practices. If you have an interest in obtaining [&hellip;]","og_url":"https:\/\/infosuisse.ch\/en\/myanmar-trademark-law\/","og_site_name":"Infosuisse","article_published_time":"2020-12-07T16:04:25+00:00","article_modified_time":"2020-12-07T16:04:26+00:00","og_image":[{"width":700,"height":466,"url":"https:\/\/infosuisse.ch\/wp-content\/uploads\/birmanie.png","type":"image\/png"}],"author":"Michelle Voser","twitter_card":"summary_large_image","twitter_misc":{"Written by":"Michelle Voser"},"schema":{"@context":"https:\/\/schema.org","@graph":[{"@type":"Article","@id":"https:\/\/infosuisse.ch\/en\/myanmar-trademark-law\/#article","isPartOf":{"@id":"https:\/\/infosuisse.ch\/en\/myanmar-trademark-law\/"},"author":{"name":"Michelle Voser","@id":"https:\/\/infosuisse.ch\/en\/#\/schema\/person\/bb90475ba7a0531d55a195812ce23a0f"},"headline":"MYANMAR &#8211; Trademark law","datePublished":"2020-12-07T16:04:25+00:00","dateModified":"2020-12-07T16:04:26+00:00","mainEntityOfPage":{"@id":"https:\/\/infosuisse.ch\/en\/myanmar-trademark-law\/"},"wordCount":69,"commentCount":0,"image":{"@id":"https:\/\/infosuisse.ch\/en\/myanmar-trademark-law\/#primaryimage"},"thumbnailUrl":"https:\/\/infosuisse.ch\/wp-content\/uploads\/birmanie.png","inLanguage":"en-US"},{"@type":"WebPage","@id":"https:\/\/infosuisse.ch\/en\/myanmar-trademark-law\/","url":"https:\/\/infosuisse.ch\/en\/myanmar-trademark-law\/","name":"MYANMAR - Trademark law - Infosuisse","isPartOf":{"@id":"https:\/\/infosuisse.ch\/en\/#website"},"primaryImageOfPage":{"@id":"https:\/\/infosuisse.ch\/en\/myanmar-trademark-law\/#primaryimage"},"image":{"@id":"https:\/\/infosuisse.ch\/en\/myanmar-trademark-law\/#primaryimage"},"thumbnailUrl":"https:\/\/infosuisse.ch\/wp-content\/uploads\/birmanie.png","datePublished":"2020-12-07T16:04:25+00:00","dateModified":"2020-12-07T16:04:26+00:00","author":{"@id":"https:\/\/infosuisse.ch\/en\/#\/schema\/person\/bb90475ba7a0531d55a195812ce23a0f"},"breadcrumb":{"@id":"https:\/\/infosuisse.ch\/en\/myanmar-trademark-law\/#breadcrumb"},"inLanguage":"en-US","potentialAction":[{"@type":"ReadAction","target":["https:\/\/infosuisse.ch\/en\/myanmar-trademark-law\/"]}]},{"@type":"ImageObject","inLanguage":"en-US","@id":"https:\/\/infosuisse.ch\/en\/myanmar-trademark-law\/#primaryimage","url":"https:\/\/infosuisse.ch\/wp-content\/uploads\/birmanie.png","contentUrl":"https:\/\/infosuisse.ch\/wp-content\/uploads\/birmanie.png","width":700,"height":466},{"@type":"BreadcrumbList","@id":"https:\/\/infosuisse.ch\/en\/myanmar-trademark-law\/#breadcrumb","itemListElement":[{"@type":"ListItem","position":1,"name":"Accueil","item":"https:\/\/infosuisse.ch\/en\/"},{"@type":"ListItem","position":2,"name":"MYANMAR &#8211; Trademark law"}]},{"@type":"WebSite","@id":"https:\/\/infosuisse.ch\/en\/#website","url":"https:\/\/infosuisse.ch\/en\/","name":"Infosuisse","description":"Nous d\u00e9fendons et valorisons vos marques, designs et inventions par un conseil adapt\u00e9 \u00e0 vos besoins, accessible et personnalis\u00e9","potentialAction":[{"@type":"SearchAction","target":{"@type":"EntryPoint","urlTemplate":"https:\/\/infosuisse.ch\/en\/?s={search_term_string}"},"query-input":{"@type":"PropertyValueSpecification","valueRequired":true,"valueName":"search_term_string"}}],"inLanguage":"en-US"},{"@type":"Person","@id":"https:\/\/infosuisse.ch\/en\/#\/schema\/person\/bb90475ba7a0531d55a195812ce23a0f","name":"Michelle Voser","image":{"@type":"ImageObject","inLanguage":"en-US","@id":"https:\/\/secure.gravatar.com\/avatar\/a6985142e5b20b63b4907f08c29023474947a0529ee58485815f09291e789350?s=96&d=mm&r=g","url":"https:\/\/secure.gravatar.com\/avatar\/a6985142e5b20b63b4907f08c29023474947a0529ee58485815f09291e789350?s=96&d=mm&r=g","contentUrl":"https:\/\/secure.gravatar.com\/avatar\/a6985142e5b20b63b4907f08c29023474947a0529ee58485815f09291e789350?s=96&d=mm&r=g","caption":"Michelle Voser"},"url":"https:\/\/infosuisse.ch\/en\/author\/michelle\/"}]}},"_links":{"self":[{"href":"https:\/\/infosuisse.ch\/en\/wp-json\/wp\/v2\/posts\/1340","targetHints":{"allow":["GET"]}}],"collection":[{"href":"https:\/\/infosuisse.ch\/en\/wp-json\/wp\/v2\/posts"}],"about":[{"href":"https:\/\/infosuisse.ch\/en\/wp-json\/wp\/v2\/types\/post"}],"author":[{"embeddable":true,"href":"https:\/\/infosuisse.ch\/en\/wp-json\/wp\/v2\/users\/6"}],"replies":[{"embeddable":true,"href":"https:\/\/infosuisse.ch\/en\/wp-json\/wp\/v2\/comments?post=1340"}],"version-history":[{"count":1,"href":"https:\/\/infosuisse.ch\/en\/wp-json\/wp\/v2\/posts\/1340\/revisions"}],"predecessor-version":[{"id":1341,"href":"https:\/\/infosuisse.ch\/en\/wp-json\/wp\/v2\/posts\/1340\/revisions\/1341"}],"wp:featuredmedia":[{"embeddable":true,"href":"https:\/\/infosuisse.ch\/en\/wp-json\/wp\/v2\/media\/1332"}],"wp:attachment":[{"href":"https:\/\/infosuisse.ch\/en\/wp-json\/wp\/v2\/media?parent=1340"}],"wp:term":[{"taxonomy":"category","embeddable":true,"href":"https:\/\/infosuisse.ch\/en\/wp-json\/wp\/v2\/categories?post=1340"},{"taxonomy":"post_tag","embeddable":true,"href":"https:\/\/infosuisse.ch\/en\/wp-json\/wp\/v2\/tags?post=1340"}],"curies":[{"name":"wp","href":"https:\/\/api.w.org\/{rel}","templated":true}]}}